{"id":3418,"date":"2026-02-17T08:00:00","date_gmt":"2026-02-17T07:00:00","guid":{"rendered":"https:\/\/www.plumesdesetoiles.com\/?p=3418"},"modified":"2026-02-17T13:41:35","modified_gmt":"2026-02-17T12:41:35","slug":"%f0%9f%8c%9e-eclipse-solaire-annulaire-du-17-fevrier-2026","status":"publish","type":"post","link":"https:\/\/www.plumesdesetoiles.com\/en\/eclipse-solaire-annulaire-du-17-fevrier-2026\/","title":{"rendered":"\ud83c\udf1e Annular Solar Eclipse \u2013 February 17, 2026"},"content":{"rendered":"<div class=\"wp-block-uagb-container uagb-block-3db688e2 alignfull uagb-is-root-container\">\n<div class=\"wp-block-uagb-advanced-heading uagb-block-e0e3c754\"><h2 class=\"uagb-heading-text\">\ud83c\udf1e Annular Solar Eclipse \u2013 February 17, 2026<br>The Ring of Fire: When Shadow Reveals the Light<\/h2><\/div>\n<\/div>\n\n\n\n<div class=\"wp-block-uagb-advanced-heading uagb-block-a2299b8a\"><p class=\"uagb-heading-text\"><br>On February 17, 2026, the sky will offer us a rare and powerful celestial event: an <strong>annular solar eclipse.<\/strong>.<br><br>It will not be total darkness.<br>It will not be a full disappearance.<br><br>It will be a <strong>ring of fire.<\/strong>.<br>A radiant circle suspended in the sky.<br><br>A quiet reminder that even when shadow moves forward\u2026 light never completely vanishes.<\/p><\/div>\n\n\n\n<div class=\"wp-block-uagb-advanced-heading uagb-block-a2299b8a\"><h4 class=\"uagb-heading-text\"><strong><strong>\ud83c\udf0d The Astronomical Phenomenon<\/strong><\/strong><\/h4><\/div>\n\n\n\n<div class=\"wp-block-uagb-advanced-heading uagb-block-a2299b8a\"><p class=\"uagb-heading-text\"><br>A solar eclipse occurs when the Moon passes between the Earth and the Sun.<br>On February 17, 2026, the Moon will be slightly farther from Earth in its orbit. Because of this distance, it will not fully cover the Sun.<br><br>The result:<br>\ud83c\udf11 The center of the Sun will be darkened<br>\ud83d\udd25 A bright ring of light will remain visible around it<br><br>This is what defines an <strong>annular solar eclipse.<\/strong>.<br><br><strong>Where will it be visible?<\/strong><br>\ud83d\udca0 The annular phase will primarily be visible from Antarctica.<br>\ud83d\udca0 A partial eclipse will be observable in parts of southern Africa and southern South America.<br>\ud83d\udca0 In Europe, it will not be directly visible.<br><br>Even if you cannot see it physically, the symbolic impact of an eclipse transcends geography.<br>Celestial cycles speak to the collective.<\/p><\/div>\n\n\n\n<div class=\"wp-block-uagb-advanced-heading uagb-block-a2299b8a\"><h4 class=\"uagb-heading-text\"><strong><strong>\ud83c\udf1e Symbolism: The Circle That Never Fades<\/strong><\/strong><\/h4><\/div>\n\n\n\n<div class=\"wp-block-uagb-advanced-heading uagb-block-a2299b8a\"><p class=\"uagb-heading-text\"><br>Unlike a total eclipse, the light remains and that nuance matters.<br>This eclipse is not about collapse.\nIt is about <strong>realignment.<\/strong>.<br><br>It teaches us:<br>\ud83c\udf3f Shadow is never permanent<br>\ud83d\udd25 Light can be reduced\u2026 but never extinguished<br>\ud83c\udf19 Cycles are passages, not endings<br><br>The circle is one of humanity\u2019s oldest sacred symbols: <br>\ud83d\udca0 the Wheel of the Year, <br>\ud83d\udca0 the cycle of seasons, <br>\ud83d\udca0 protective circles, <br>\ud83d\udca0 sacred unions.<br><br>This eclipse draws a ring.<br>A cosmic commitment.<br>A reminder that everything returns, everything transforms.<\/p><\/div>\n\n\n\n<div class=\"wp-block-uagb-advanced-heading uagb-block-a2299b8a\"><h4 class=\"uagb-heading-text\"><strong><strong>\ud83d\udd6f Energy of February 17, 2026: A Portal of Repositioning<\/strong><\/strong><\/h4><\/div>\n\n\n\n<div class=\"wp-block-uagb-advanced-heading uagb-block-a2299b8a\"><p class=\"uagb-heading-text\"><br>Solar eclipses are traditionally associated with:<br>\ud83d\udca0 new beginnings<br>\ud83d\udca0 awakening moments<br>\ud83d\udca0 necessary shifts<br>\ud83d\udca0 professional or personal redirections<br><br>Yet this one carries a particular tone.<br>It is not dramatic upheaval.It is <strong>subtle but profound recalibration.<\/strong>.<br><br>A moment to ask:<br>\ud83d\udca0 Where am I scattering my light?<br>\ud83d\udca0 What temporarily obscures my vision?<br>\ud83d\udca0 What new cycle am I ready to initiate?<br><br>This is an eclipse of maturity.<\/p><\/div>\n\n\n\n<div class=\"wp-block-uagb-advanced-heading uagb-block-646169bf\"><h4 class=\"uagb-heading-text\">\ud83c\udf3f How to Honor This Eclipse<\/h4><\/div>\n\n\n\n<div class=\"wp-block-uagb-advanced-heading uagb-block-427ce566\"><p class=\"uagb-heading-text\"><br>Even without direct observation, you can honor this passage.<\/p><\/div>\n\n\n\n<div class=\"wp-block-uagb-advanced-heading uagb-block-3d55e621\"><h4 class=\"uagb-heading-text\"><strong>\u2728 1. The Circle Ritual<\/strong><\/h4><\/div>\n\n\n\n<div class=\"wp-block-uagb-advanced-heading uagb-block-c5cb9adf\"><p class=\"uagb-heading-text\"><br>\ud83d\udca0 Draw a circle in your journal.<br>\ud83d\udca0 Inside: what you wish to protect.<br>\ud83d\udca0 Around it: what you are ready to release.<\/p><\/div>\n\n\n\n<div class=\"wp-block-uagb-advanced-heading uagb-block-1e157c0c\"><h4 class=\"uagb-heading-text\">\u2728 2. Solar Intention<\/h4><\/div>\n\n\n\n<div class=\"wp-block-uagb-advanced-heading uagb-block-d4521084\"><p class=\"uagb-heading-text\"><br>Solar eclipses mark a new chapter.<br>Set one clear intention for the next six months.<\/p><\/div>\n\n\n\n<div class=\"wp-block-uagb-advanced-heading uagb-block-bf1268b1\"><h4 class=\"uagb-heading-text\">\u2728 3. Conscious Stillness<\/h4><\/div>\n\n\n\n<div class=\"wp-block-uagb-advanced-heading uagb-block-bf1268b1\"><p class=\"uagb-heading-text\"><br>Take 10 minutes of silence on this day.<br>No screens. No distractions.<br>Just breath and awareness.<\/p><\/div>\n\n\n\n<div class=\"wp-block-uagb-advanced-heading uagb-block-1f6abacb\"><h4 class=\"uagb-heading-text\">\ud83d\udd2d Scientific dimension and ancestral wisdom<\/h4><\/div>\n\n\n\n<div class=\"wp-block-uagb-advanced-heading uagb-block-321a64b9\"><p class=\"uagb-heading-text\"><br>Ancient civilizations saw eclipses as powerful signs:<br>\ud83d\udca0 In ancient China, they symbolized a dragon devouring the Sun.<br>\ud83d\udca0 Among certain Native American peoples, they represented a sacred dialogue between the stars.<br>\ud83d\udca0 In European traditions, they heralded major transitions.<br><br>Today we fully understand their celestial mechanics.<br>And yet... their symbolic impact remains intact.<br><br>Science and spirituality are not opposed.<br>They tell the same dance, in two different languages.<\/p><\/div>\n\n\n\n<div class=\"wp-block-uagb-advanced-heading uagb-block-3670066f\"><h4 class=\"uagb-heading-text\">\ud83c\udf1e What This Eclipse Whispers<\/h4><\/div>\n\n\n\n<div class=\"wp-block-uagb-advanced-heading uagb-block-3670066f\"><p class=\"uagb-heading-text\"><br>It does not shout.<br>It does not disrupt violently.<br>It traces a ring of fire in the cold sky of February.<br>It says:<br><strong><em>Even when your light seems diminished, it remains.<br>This is only a passage.<br>Keep moving forward.<\/em><\/strong><\/p><\/div>\n\n\n\n<div class=\"wp-block-uagb-advanced-heading uagb-block-8f8cce09\"><h4 class=\"uagb-heading-text\">\ud83c\udf0d Next solar eclipse<\/h4><\/div>\n\n\n\n<div class=\"wp-block-uagb-advanced-heading uagb-block-d7ad66c9\"><p class=\"uagb-heading-text\"><br>The next solar eclipse after that of February 17, 2026 will take place on <strong>August 12, 2026.<\/strong>.<br>It will be a <strong>total solar eclipse<\/strong>, visible in particular in Europe, including France, as well as in Spain and Iceland.<br><br>On August 12, 2026, the Sun will briefly vanish in a total solar eclipse \u2014 one of the most remarkable eclipses visible in Europe this decade.<\/p><\/div>\n\n\n\n<div class=\"wp-block-uagb-container uagb-block-e2a67315 alignfull uagb-is-root-container\"><\/div>\n\n\n\n<div class=\"wp-block-uagb-advanced-heading uagb-block-0bcb2198\"><p class=\"uagb-heading-text\"><br>The annular solar eclipse of February 17, 2026 invites us into conscious renewal.<br><br>A reminder that cycles are not endings, but spirals of evolution.<br><br>We are entering a new circle.<br>More conscious.<br>More aligned.<br>More mature.<br><br>And as always with the sky...<br>He doesn't impose anything on us.<br>He offers us.<\/p><\/div>\n\n\n\n<div class=\"wp-block-uagb-advanced-heading uagb-block-36c01568 has--font-size\"><p class=\"uagb-heading-text\"><strong><strong><em><strong><strong><strong><em><strong><strong><strong><strong><em><strong><strong><strong><strong><strong>\u201cEven in shadow, my light endures. I rise within the sacred circle.\u201d<\/strong><\/strong><\/strong><\/strong><\/strong><\/em><\/strong><\/strong><\/strong><\/strong><\/em><\/strong><\/strong><\/strong><\/em><\/strong><\/strong><\/p><\/div>","protected":false},"excerpt":{"rendered":"<p>Le 17\/02\/2026, une \u00e9clipse solaire annulaire dessinera un spectaculaire cercle de feu dans le ciel. Un ph\u00e9nom\u00e8ne rare.<\/p>","protected":false},"author":1,"featured_media":3420,"comment_status":"open","ping_status":"closed","sticky":false,"template":"","format":"standard","meta":{"_uag_custom_page_level_css":"","site-sidebar-layout":"default","site-content-layout":"","ast-site-content-layout":"default","site-content-style":"default","site-sidebar-style":"default","ast-global-header-display":"","ast-banner-title-visibility":"","ast-main-header-display":"","ast-hfb-above-header-display":"","ast-hfb-below-header-display":"","ast-hfb-mobile-header-display":"","site-post-title":"disabled","ast-breadcrumbs-content":"","ast-featured-img":"","footer-sml-layout":"","ast-disable-related-posts":"","theme-transparent-header-meta":"","adv-header-id-meta":"","stick-header-meta":"","header-above-stick-meta":"","header-main-stick-meta":"","header-below-stick-meta":"","astra-migrate-meta-layouts":"default","ast-page-background-enabled":"default","ast-page-background-meta":{"desktop":{"background-color":"var(--ast-global-color-5)","background-image":"","background-repeat":"repeat","background-position":"center center","background-size":"auto","background-attachment":"scroll","background-type":"","background-media":"","overlay-type":"","overlay-color":"","overlay-opacity":"","overlay-gradient":""},"tablet":{"background-color":"","background-image":"","background-repeat":"repeat","background-position":"center center","background-size":"auto","background-attachment":"scroll","background-type":"","background-media":"","overlay-type":"","overlay-color":"","overlay-opacity":"","overlay-gradient":""},"mobile":{"background-color":"","background-image":"","background-repeat":"repeat","background-position":"center center","background-size":"auto","background-attachment":"scroll","background-type":"","background-media":"","overlay-type":"","overlay-color":"","overlay-opacity":"","overlay-gradient":""}},"ast-content-background-meta":{"desktop":{"background-color":"var(--ast-global-color-4)","background-image":"","background-repeat":"repeat","background-position":"center center","background-size":"auto","background-attachment":"scroll","background-type":"","background-media":"","overlay-type":"","overlay-color":"","overlay-opacity":"","overlay-gradient":""},"tablet":{"background-color":"var(--ast-global-color-4)","background-image":"","background-repeat":"repeat","background-position":"center center","background-size":"auto","background-attachment":"scroll","background-type":"","background-media":"","overlay-type":"","overlay-color":"","overlay-opacity":"","overlay-gradient":""},"mobile":{"background-color":"var(--ast-global-color-4)","background-image":"","background-repeat":"repeat","background-position":"center center","background-size":"auto","background-attachment":"scroll","background-type":"","background-media":"","overlay-type":"","overlay-color":"","overlay-opacity":"","overlay-gradient":""}},"footnotes":""},"categories":[4,3,2],"tags":[],"class_list":["post-3418","post","type-post","status-publish","format-standard","has-post-thumbnail","hentry","category-journal-de-lame-creative","category-creativite-et-intuition","category-saisons-et-emotions"],"aioseo_notices":[],"uagb_featured_image_src":{"full":["https:\/\/www.plumesdesetoiles.com\/wp-content\/uploads\/2026\/02\/Eclipse-17-02-2026-couverture.jpg",1200,799,false],"thumbnail":["https:\/\/www.plumesdesetoiles.com\/wp-content\/uploads\/2026\/02\/Eclipse-17-02-2026-couverture-150x150.jpg",150,150,true],"medium":["https:\/\/www.plumesdesetoiles.com\/wp-content\/uploads\/2026\/02\/Eclipse-17-02-2026-couverture-300x200.jpg",300,200,true],"medium_large":["https:\/\/www.plumesdesetoiles.com\/wp-content\/uploads\/2026\/02\/Eclipse-17-02-2026-couverture-768x511.jpg",768,511,true],"large":["https:\/\/www.plumesdesetoiles.com\/wp-content\/uploads\/2026\/02\/Eclipse-17-02-2026-couverture-1024x682.jpg",1024,682,true],"1536x1536":["https:\/\/www.plumesdesetoiles.com\/wp-content\/uploads\/2026\/02\/Eclipse-17-02-2026-couverture.jpg",1200,799,false],"2048x2048":["https:\/\/www.plumesdesetoiles.com\/wp-content\/uploads\/2026\/02\/Eclipse-17-02-2026-couverture.jpg",1200,799,false],"trp-custom-language-flag":["https:\/\/www.plumesdesetoiles.com\/wp-content\/uploads\/2026\/02\/Eclipse-17-02-2026-couverture-18x12.jpg",18,12,true]},"uagb_author_info":{"display_name":"Plumes des Etoiles","author_link":"https:\/\/www.plumesdesetoiles.com\/en\/author\/plumesdesetoiles\/"},"uagb_comment_info":0,"uagb_excerpt":"Le 17\/02\/2026, une \u00e9clipse solaire annulaire dessinera un spectaculaire cercle de feu dans le ciel. Un ph\u00e9nom\u00e8ne rare.","_links":{"self":[{"href":"https:\/\/www.plumesdesetoiles.com\/en\/wp-json\/wp\/v2\/posts\/3418","targetHints":{"allow":["GET"]}}],"collection":[{"href":"https:\/\/www.plumesdesetoiles.com\/en\/wp-json\/wp\/v2\/posts"}],"about":[{"href":"https:\/\/www.plumesdesetoiles.com\/en\/wp-json\/wp\/v2\/types\/post"}],"author":[{"embeddable":true,"href":"https:\/\/www.plumesdesetoiles.com\/en\/wp-json\/wp\/v2\/users\/1"}],"replies":[{"embeddable":true,"href":"https:\/\/www.plumesdesetoiles.com\/en\/wp-json\/wp\/v2\/comments?post=3418"}],"version-history":[{"count":0,"href":"https:\/\/www.plumesdesetoiles.com\/en\/wp-json\/wp\/v2\/posts\/3418\/revisions"}],"wp:featuredmedia":[{"embeddable":true,"href":"https:\/\/www.plumesdesetoiles.com\/en\/wp-json\/wp\/v2\/media\/3420"}],"wp:attachment":[{"href":"https:\/\/www.plumesdesetoiles.com\/en\/wp-json\/wp\/v2\/media?parent=3418"}],"wp:term":[{"taxonomy":"category","embeddable":true,"href":"https:\/\/www.plumesdesetoiles.com\/en\/wp-json\/wp\/v2\/categories?post=3418"},{"taxonomy":"post_tag","embeddable":true,"href":"https:\/\/www.plumesdesetoiles.com\/en\/wp-json\/wp\/v2\/tags?post=3418"}],"curies":[{"name":"wp","href":"https:\/\/api.w.org\/{rel}","templated":true}]}}